{"id":2122,"date":"2025-10-08T15:39:49","date_gmt":"2025-10-08T12:39:49","guid":{"rendered":"https:\/\/www.oykatiab.com\/?p=2122"},"modified":"2025-12-18T14:47:17","modified_gmt":"2025-12-18T12:47:17","slug":"kati-osallistuu-fem-konferenssiin","status":"publish","type":"post","link":"https:\/\/www.oykatiab.com\/en\/2025\/10\/08\/kati-osallistuu-fem-konferenssiin\/","title":{"rendered":"KATI is participating to the FEM conference"},"content":{"rendered":"<figure class=\"wp-block-image aligncenter size-full\"><img loading=\"lazy\" decoding=\"async\" width=\"167\" height=\"164\" src=\"https:\/\/www.oykatiab.com\/wp-content\/uploads\/2025\/09\/Nayttokuva-2025-09-11-083705.png?wsr\" alt=\"\" class=\"wp-image-2123\" srcset=\"https:\/\/www.oykatiab.com\/wp-content\/uploads\/2025\/09\/Nayttokuva-2025-09-11-083705.png 167w, https:\/\/www.oykatiab.com\/wp-content\/uploads\/2025\/09\/Nayttokuva-2025-09-11-083705-12x12.png 12w\" sizes=\"auto, (max-width: 167px) 100vw, 167px\" \/><\/figure>\n\n\n\n<p>We are participating to the FEM conference during 28th-30rd October.<\/p>\n\n\n\n<p>Come and meet us at our stand B28 and try something new in drilling!<\/p>\n\n\n\n<p><\/p>","protected":false},"excerpt":{"rendered":"<p>We will be attending the FEM Conference from October 28th to 30th. Visit us at stand B28 to experience our latest innovation in drilling!<\/p>","protected":false},"author":7,"featured_media":2123,"comment_status":"closed","ping_status":"closed","sticky":false,"template":"","format":"standard","meta":{"_acf_changed":false,"_improvement_type_select":"improve_an_existing","_thumb_yes_seoaic":false,"_frame_yes_seoaic":false,"seoaic_generate_description":"","seoaic_improve_instructions_prompt":"","seoaic_rollback_content_improvement":"","seoaic_idea_thumbnail_generator":"","thumbnail_generated":false,"thumbnail_generate_prompt":"","seoaic_article_description":"","seoaic_article_subtitles":[],"footnotes":""},"categories":[1],"tags":[],"class_list":["post-2122","post","type-post","status-publish","format-standard","has-post-thumbnail","hentry","category-yleinen"],"blocksy_meta":[],"acf":[],"featured_image_src":"https:\/\/www.oykatiab.com\/wp-content\/uploads\/2025\/09\/Nayttokuva-2025-09-11-083705.png","author_info":{"display_name":"Matti Rautakoski","author_link":"https:\/\/www.oykatiab.com\/en\/author\/matti-rautakoskioykatiab-com\/"},"yoast_head":"<!-- This site is optimized with the Yoast SEO plugin v27.4 - https:\/\/yoast.com\/product\/yoast-seo-wordpress\/ -->\n<title>KATI osallistuu FEM konferenssiin - Oy Kati Ab<\/title>\n<meta name=\"robots\" content=\"index, follow, max-snippet:-1, max-image-preview:large, max-video-preview:-1\" \/>\n<link rel=\"canonical\" href=\"https:\/\/www.oykatiab.com\/en\/2025\/10\/08\/kati-osallistuu-fem-konferenssiin\/\" \/>\n<meta property=\"og:locale\" content=\"en_GB\" \/>\n<meta property=\"og:type\" content=\"article\" \/>\n<meta property=\"og:title\" content=\"KATI osallistuu FEM konferenssiin - Oy Kati Ab\" \/>\n<meta property=\"og:description\" content=\"Olemme taas mukana FEM-konferenssissa lokakuun 28.-30. p\u00e4iv\u00e4. Tule tapaamaan meit\u00e4 osastollemme B28 ja p\u00e4\u00e4set kokeilemaan jotain uutta kairaukseen liittyv\u00e4\u00e4!\" \/>\n<meta property=\"og:url\" content=\"https:\/\/www.oykatiab.com\/en\/2025\/10\/08\/kati-osallistuu-fem-konferenssiin\/\" \/>\n<meta property=\"og:site_name\" content=\"Oy Kati Ab\" \/>\n<meta property=\"article:published_time\" content=\"2025-10-08T12:39:49+00:00\" \/>\n<meta property=\"article:modified_time\" content=\"2025-12-18T12:47:17+00:00\" \/>\n<meta property=\"og:image\" content=\"https:\/\/www.oykatiab.com\/wp-content\/uploads\/2025\/09\/Nayttokuva-2025-09-11-083705.png?wsr\" \/>\n\t<meta property=\"og:image:width\" content=\"167\" \/>\n\t<meta property=\"og:image:height\" content=\"164\" \/>\n\t<meta property=\"og:image:type\" content=\"image\/png\" \/>\n<meta name=\"author\" content=\"Matti Rautakoski\" \/>\n<meta name=\"twitter:card\" content=\"summary_large_image\" \/>\n<meta name=\"twitter:label1\" content=\"Written by\" \/>\n\t<meta name=\"twitter:data1\" content=\"Matti Rautakoski\" \/>\n\t<meta name=\"twitter:label2\" content=\"Estimated reading time\" \/>\n\t<meta name=\"twitter:data2\" content=\"1 minute\" \/>\n<script type=\"application\/ld+json\" class=\"yoast-schema-graph\">{\"@context\":\"https:\\\/\\\/schema.org\",\"@graph\":[{\"@type\":\"Article\",\"@id\":\"https:\\\/\\\/www.oykatiab.com\\\/2025\\\/10\\\/08\\\/kati-osallistuu-fem-konferenssiin\\\/#article\",\"isPartOf\":{\"@id\":\"https:\\\/\\\/www.oykatiab.com\\\/2025\\\/10\\\/08\\\/kati-osallistuu-fem-konferenssiin\\\/\"},\"author\":{\"name\":\"Matti Rautakoski\",\"@id\":\"https:\\\/\\\/www.oykatiab.com\\\/#\\\/schema\\\/person\\\/ccbd82a4792223ea987c79bcf802cc30\"},\"headline\":\"KATI osallistuu FEM konferenssiin\",\"datePublished\":\"2025-10-08T12:39:49+00:00\",\"dateModified\":\"2025-12-18T12:47:17+00:00\",\"mainEntityOfPage\":{\"@id\":\"https:\\\/\\\/www.oykatiab.com\\\/2025\\\/10\\\/08\\\/kati-osallistuu-fem-konferenssiin\\\/\"},\"wordCount\":25,\"publisher\":{\"@id\":\"https:\\\/\\\/www.oykatiab.com\\\/#organization\"},\"image\":{\"@id\":\"https:\\\/\\\/www.oykatiab.com\\\/2025\\\/10\\\/08\\\/kati-osallistuu-fem-konferenssiin\\\/#primaryimage\"},\"thumbnailUrl\":\"https:\\\/\\\/www.oykatiab.com\\\/wp-content\\\/uploads\\\/2025\\\/09\\\/Nayttokuva-2025-09-11-083705.png\",\"articleSection\":[\"Yleinen\"],\"inLanguage\":\"en-GB\"},{\"@type\":\"WebPage\",\"@id\":\"https:\\\/\\\/www.oykatiab.com\\\/2025\\\/10\\\/08\\\/kati-osallistuu-fem-konferenssiin\\\/\",\"url\":\"https:\\\/\\\/www.oykatiab.com\\\/2025\\\/10\\\/08\\\/kati-osallistuu-fem-konferenssiin\\\/\",\"name\":\"KATI osallistuu FEM konferenssiin - Oy Kati Ab\",\"isPartOf\":{\"@id\":\"https:\\\/\\\/www.oykatiab.com\\\/#website\"},\"primaryImageOfPage\":{\"@id\":\"https:\\\/\\\/www.oykatiab.com\\\/2025\\\/10\\\/08\\\/kati-osallistuu-fem-konferenssiin\\\/#primaryimage\"},\"image\":{\"@id\":\"https:\\\/\\\/www.oykatiab.com\\\/2025\\\/10\\\/08\\\/kati-osallistuu-fem-konferenssiin\\\/#primaryimage\"},\"thumbnailUrl\":\"https:\\\/\\\/www.oykatiab.com\\\/wp-content\\\/uploads\\\/2025\\\/09\\\/Nayttokuva-2025-09-11-083705.png\",\"datePublished\":\"2025-10-08T12:39:49+00:00\",\"dateModified\":\"2025-12-18T12:47:17+00:00\",\"breadcrumb\":{\"@id\":\"https:\\\/\\\/www.oykatiab.com\\\/2025\\\/10\\\/08\\\/kati-osallistuu-fem-konferenssiin\\\/#breadcrumb\"},\"inLanguage\":\"en-GB\",\"potentialAction\":[{\"@type\":\"ReadAction\",\"target\":[\"https:\\\/\\\/www.oykatiab.com\\\/2025\\\/10\\\/08\\\/kati-osallistuu-fem-konferenssiin\\\/\"]}]},{\"@type\":\"ImageObject\",\"inLanguage\":\"en-GB\",\"@id\":\"https:\\\/\\\/www.oykatiab.com\\\/2025\\\/10\\\/08\\\/kati-osallistuu-fem-konferenssiin\\\/#primaryimage\",\"url\":\"https:\\\/\\\/www.oykatiab.com\\\/wp-content\\\/uploads\\\/2025\\\/09\\\/Nayttokuva-2025-09-11-083705.png\",\"contentUrl\":\"https:\\\/\\\/www.oykatiab.com\\\/wp-content\\\/uploads\\\/2025\\\/09\\\/Nayttokuva-2025-09-11-083705.png\",\"width\":167,\"height\":164},{\"@type\":\"BreadcrumbList\",\"@id\":\"https:\\\/\\\/www.oykatiab.com\\\/2025\\\/10\\\/08\\\/kati-osallistuu-fem-konferenssiin\\\/#breadcrumb\",\"itemListElement\":[{\"@type\":\"ListItem\",\"position\":1,\"name\":\"Etusivu\",\"item\":\"https:\\\/\\\/www.oykatiab.com\\\/\"},{\"@type\":\"ListItem\",\"position\":2,\"name\":\"KATI osallistuu FEM konferenssiin\"}]},{\"@type\":\"WebSite\",\"@id\":\"https:\\\/\\\/www.oykatiab.com\\\/#website\",\"url\":\"https:\\\/\\\/www.oykatiab.com\\\/\",\"name\":\"Oy Kati Ab\",\"description\":\"Malminetsinn\u00e4n &amp; timanttikairauksen palkittu edell\u00e4k\u00e4vij\u00e4\",\"publisher\":{\"@id\":\"https:\\\/\\\/www.oykatiab.com\\\/#organization\"},\"potentialAction\":[{\"@type\":\"SearchAction\",\"target\":{\"@type\":\"EntryPoint\",\"urlTemplate\":\"https:\\\/\\\/www.oykatiab.com\\\/?s={search_term_string}\"},\"query-input\":{\"@type\":\"PropertyValueSpecification\",\"valueRequired\":true,\"valueName\":\"search_term_string\"}}],\"inLanguage\":\"en-GB\"},{\"@type\":\"Organization\",\"@id\":\"https:\\\/\\\/www.oykatiab.com\\\/#organization\",\"name\":\"Oy Kati Ab\",\"url\":\"https:\\\/\\\/www.oykatiab.com\\\/\",\"logo\":{\"@type\":\"ImageObject\",\"inLanguage\":\"en-GB\",\"@id\":\"https:\\\/\\\/www.oykatiab.com\\\/#\\\/schema\\\/logo\\\/image\\\/\",\"url\":\"https:\\\/\\\/www.oykatiab.com\\\/wp-content\\\/uploads\\\/2025\\\/06\\\/KATI-logo-vaaka-nega.svg\",\"contentUrl\":\"https:\\\/\\\/www.oykatiab.com\\\/wp-content\\\/uploads\\\/2025\\\/06\\\/KATI-logo-vaaka-nega.svg\",\"width\":336,\"height\":45,\"caption\":\"Oy Kati Ab\"},\"image\":{\"@id\":\"https:\\\/\\\/www.oykatiab.com\\\/#\\\/schema\\\/logo\\\/image\\\/\"}},{\"@type\":\"Person\",\"@id\":\"https:\\\/\\\/www.oykatiab.com\\\/#\\\/schema\\\/person\\\/ccbd82a4792223ea987c79bcf802cc30\",\"name\":\"Matti Rautakoski\",\"image\":{\"@type\":\"ImageObject\",\"inLanguage\":\"en-GB\",\"@id\":\"https:\\\/\\\/secure.gravatar.com\\\/avatar\\\/27ffb830620f8b1b42556a92961def8f40417a83dcf7a2376f518282c4edd709?s=96&d=mm&r=g\",\"url\":\"https:\\\/\\\/secure.gravatar.com\\\/avatar\\\/27ffb830620f8b1b42556a92961def8f40417a83dcf7a2376f518282c4edd709?s=96&d=mm&r=g\",\"contentUrl\":\"https:\\\/\\\/secure.gravatar.com\\\/avatar\\\/27ffb830620f8b1b42556a92961def8f40417a83dcf7a2376f518282c4edd709?s=96&d=mm&r=g\",\"caption\":\"Matti Rautakoski\"}}]}<\/script>\n<!-- \/ Yoast SEO plugin. -->","yoast_head_json":{"title":"KATI osallistuu FEM konferenssiin - Oy Kati Ab","robots":{"index":"index","follow":"follow","max-snippet":"max-snippet:-1","max-image-preview":"max-image-preview:large","max-video-preview":"max-video-preview:-1"},"canonical":"https:\/\/www.oykatiab.com\/en\/2025\/10\/08\/kati-osallistuu-fem-konferenssiin\/","og_locale":"en_GB","og_type":"article","og_title":"KATI osallistuu FEM konferenssiin - Oy Kati Ab","og_description":"Olemme taas mukana FEM-konferenssissa lokakuun 28.-30. p\u00e4iv\u00e4. Tule tapaamaan meit\u00e4 osastollemme B28 ja p\u00e4\u00e4set kokeilemaan jotain uutta kairaukseen liittyv\u00e4\u00e4!","og_url":"https:\/\/www.oykatiab.com\/en\/2025\/10\/08\/kati-osallistuu-fem-konferenssiin\/","og_site_name":"Oy Kati Ab","article_published_time":"2025-10-08T12:39:49+00:00","article_modified_time":"2025-12-18T12:47:17+00:00","og_image":[{"width":167,"height":164,"url":"https:\/\/www.oykatiab.com\/wp-content\/uploads\/2025\/09\/Nayttokuva-2025-09-11-083705.png?wsr","type":"image\/png"}],"author":"Matti Rautakoski","twitter_card":"summary_large_image","twitter_misc":{"Written by":"Matti Rautakoski","Estimated reading time":"1 minute"},"schema":{"@context":"https:\/\/schema.org","@graph":[{"@type":"Article","@id":"https:\/\/www.oykatiab.com\/2025\/10\/08\/kati-osallistuu-fem-konferenssiin\/#article","isPartOf":{"@id":"https:\/\/www.oykatiab.com\/2025\/10\/08\/kati-osallistuu-fem-konferenssiin\/"},"author":{"name":"Matti Rautakoski","@id":"https:\/\/www.oykatiab.com\/#\/schema\/person\/ccbd82a4792223ea987c79bcf802cc30"},"headline":"KATI osallistuu FEM konferenssiin","datePublished":"2025-10-08T12:39:49+00:00","dateModified":"2025-12-18T12:47:17+00:00","mainEntityOfPage":{"@id":"https:\/\/www.oykatiab.com\/2025\/10\/08\/kati-osallistuu-fem-konferenssiin\/"},"wordCount":25,"publisher":{"@id":"https:\/\/www.oykatiab.com\/#organization"},"image":{"@id":"https:\/\/www.oykatiab.com\/2025\/10\/08\/kati-osallistuu-fem-konferenssiin\/#primaryimage"},"thumbnailUrl":"https:\/\/www.oykatiab.com\/wp-content\/uploads\/2025\/09\/Nayttokuva-2025-09-11-083705.png","articleSection":["Yleinen"],"inLanguage":"en-GB"},{"@type":"WebPage","@id":"https:\/\/www.oykatiab.com\/2025\/10\/08\/kati-osallistuu-fem-konferenssiin\/","url":"https:\/\/www.oykatiab.com\/2025\/10\/08\/kati-osallistuu-fem-konferenssiin\/","name":"KATI osallistuu FEM konferenssiin - Oy Kati Ab","isPartOf":{"@id":"https:\/\/www.oykatiab.com\/#website"},"primaryImageOfPage":{"@id":"https:\/\/www.oykatiab.com\/2025\/10\/08\/kati-osallistuu-fem-konferenssiin\/#primaryimage"},"image":{"@id":"https:\/\/www.oykatiab.com\/2025\/10\/08\/kati-osallistuu-fem-konferenssiin\/#primaryimage"},"thumbnailUrl":"https:\/\/www.oykatiab.com\/wp-content\/uploads\/2025\/09\/Nayttokuva-2025-09-11-083705.png","datePublished":"2025-10-08T12:39:49+00:00","dateModified":"2025-12-18T12:47:17+00:00","breadcrumb":{"@id":"https:\/\/www.oykatiab.com\/2025\/10\/08\/kati-osallistuu-fem-konferenssiin\/#breadcrumb"},"inLanguage":"en-GB","potentialAction":[{"@type":"ReadAction","target":["https:\/\/www.oykatiab.com\/2025\/10\/08\/kati-osallistuu-fem-konferenssiin\/"]}]},{"@type":"ImageObject","inLanguage":"en-GB","@id":"https:\/\/www.oykatiab.com\/2025\/10\/08\/kati-osallistuu-fem-konferenssiin\/#primaryimage","url":"https:\/\/www.oykatiab.com\/wp-content\/uploads\/2025\/09\/Nayttokuva-2025-09-11-083705.png","contentUrl":"https:\/\/www.oykatiab.com\/wp-content\/uploads\/2025\/09\/Nayttokuva-2025-09-11-083705.png","width":167,"height":164},{"@type":"BreadcrumbList","@id":"https:\/\/www.oykatiab.com\/2025\/10\/08\/kati-osallistuu-fem-konferenssiin\/#breadcrumb","itemListElement":[{"@type":"ListItem","position":1,"name":"Etusivu","item":"https:\/\/www.oykatiab.com\/"},{"@type":"ListItem","position":2,"name":"KATI osallistuu FEM konferenssiin"}]},{"@type":"WebSite","@id":"https:\/\/www.oykatiab.com\/#website","url":"https:\/\/www.oykatiab.com\/","name":"Oy Kati Ab","description":"Malminetsinn\u00e4n &amp; timanttikairauksen palkittu edell\u00e4k\u00e4vij\u00e4","publisher":{"@id":"https:\/\/www.oykatiab.com\/#organization"},"potentialAction":[{"@type":"SearchAction","target":{"@type":"EntryPoint","urlTemplate":"https:\/\/www.oykatiab.com\/?s={search_term_string}"},"query-input":{"@type":"PropertyValueSpecification","valueRequired":true,"valueName":"search_term_string"}}],"inLanguage":"en-GB"},{"@type":"Organization","@id":"https:\/\/www.oykatiab.com\/#organization","name":"Oy Kati Ab","url":"https:\/\/www.oykatiab.com\/","logo":{"@type":"ImageObject","inLanguage":"en-GB","@id":"https:\/\/www.oykatiab.com\/#\/schema\/logo\/image\/","url":"https:\/\/www.oykatiab.com\/wp-content\/uploads\/2025\/06\/KATI-logo-vaaka-nega.svg","contentUrl":"https:\/\/www.oykatiab.com\/wp-content\/uploads\/2025\/06\/KATI-logo-vaaka-nega.svg","width":336,"height":45,"caption":"Oy Kati Ab"},"image":{"@id":"https:\/\/www.oykatiab.com\/#\/schema\/logo\/image\/"}},{"@type":"Person","@id":"https:\/\/www.oykatiab.com\/#\/schema\/person\/ccbd82a4792223ea987c79bcf802cc30","name":"Matti Rautakoski","image":{"@type":"ImageObject","inLanguage":"en-GB","@id":"https:\/\/secure.gravatar.com\/avatar\/27ffb830620f8b1b42556a92961def8f40417a83dcf7a2376f518282c4edd709?s=96&d=mm&r=g","url":"https:\/\/secure.gravatar.com\/avatar\/27ffb830620f8b1b42556a92961def8f40417a83dcf7a2376f518282c4edd709?s=96&d=mm&r=g","contentUrl":"https:\/\/secure.gravatar.com\/avatar\/27ffb830620f8b1b42556a92961def8f40417a83dcf7a2376f518282c4edd709?s=96&d=mm&r=g","caption":"Matti Rautakoski"}}]}},"_links":{"self":[{"href":"https:\/\/www.oykatiab.com\/en\/wp-json\/wp\/v2\/posts\/2122","targetHints":{"allow":["GET"]}}],"collection":[{"href":"https:\/\/www.oykatiab.com\/en\/wp-json\/wp\/v2\/posts"}],"about":[{"href":"https:\/\/www.oykatiab.com\/en\/wp-json\/wp\/v2\/types\/post"}],"author":[{"embeddable":true,"href":"https:\/\/www.oykatiab.com\/en\/wp-json\/wp\/v2\/users\/7"}],"replies":[{"embeddable":true,"href":"https:\/\/www.oykatiab.com\/en\/wp-json\/wp\/v2\/comments?post=2122"}],"version-history":[{"count":3,"href":"https:\/\/www.oykatiab.com\/en\/wp-json\/wp\/v2\/posts\/2122\/revisions"}],"predecessor-version":[{"id":2126,"href":"https:\/\/www.oykatiab.com\/en\/wp-json\/wp\/v2\/posts\/2122\/revisions\/2126"}],"wp:featuredmedia":[{"embeddable":true,"href":"https:\/\/www.oykatiab.com\/en\/wp-json\/wp\/v2\/media\/2123"}],"wp:attachment":[{"href":"https:\/\/www.oykatiab.com\/en\/wp-json\/wp\/v2\/media?parent=2122"}],"wp:term":[{"taxonomy":"category","embeddable":true,"href":"https:\/\/www.oykatiab.com\/en\/wp-json\/wp\/v2\/categories?post=2122"},{"taxonomy":"post_tag","embeddable":true,"href":"https:\/\/www.oykatiab.com\/en\/wp-json\/wp\/v2\/tags?post=2122"}],"curies":[{"name":"wp","href":"https:\/\/api.w.org\/{rel}","templated":true}]}}